[{"@context":"https:\/\/schema.org\/","@type":"Article","@id":"https:\/\/www.mevha.cz\/abyste-nezapomneli-na-sva-dobrodruzstvi\/#Article","mainEntityOfPage":"https:\/\/www.mevha.cz\/abyste-nezapomneli-na-sva-dobrodruzstvi\/","headline":"Abyste nezapomn\u011bli na sv\u00e1 dobrodru\u017estv\u00ed","name":"Abyste nezapomn\u011bli na sv\u00e1 dobrodru\u017estv\u00ed","description":"Fotografie je dnes ji\u017e samoz\u0159ejm\u00fdm zp\u016fsobem, kter\u00fdm zachycujeme sv\u00e9 z\u00e1\u017eitky. Zachycujeme sv\u00e9 oslavy narozenin, oby\u010dejn\u00e9 dny, kdy n\u00e1m bylo dob\u0159e, zaznamen\u00e1v\u00e1me d\u00edky fotografi\u00edm vzpom\u00ednky ze sv\u00fdch v\u00fdlet\u016f a dobrodru\u017estv\u00ed. Ov\u0161em ne ka\u017ed\u00e9 dobrodru\u017estv\u00ed n\u00e1\u0161 oby\u010dejn\u00fd fotoapar\u00e1t p\u0159e\u017eije bez \u00fahony. Mysl\u00edte, \u017ee b\u011b\u017en\u00fd fotoapar\u00e1t m\u016f\u017eete vz\u00edt nap\u0159\u00edklad na vodu? Pokud pr\u00e1v\u011b voda je \u017eivel, bez n\u011bho\u017e...","datePublished":"2025-08-28","dateModified":"2025-08-28","author":{"@type":"Person","@id":"https:\/\/www.mevha.cz\/author\/#Person","name":"","url":"https:\/\/www.mevha.cz\/author\/","identifier":1,"image":{"@type":"ImageObject","@id":"https:\/\/secure.gravatar.com\/avatar\/087c2e57f451bc02fa8017914855d7c40cf6c7d5dc1637b868e007adc26322d1?s=96&d=mm&r=g","url":"https:\/\/secure.gravatar.com\/avatar\/087c2e57f451bc02fa8017914855d7c40cf6c7d5dc1637b868e007adc26322d1?s=96&d=mm&r=g","height":96,"width":96}},"publisher":{"@type":"Organization","name":"mevha.cz","logo":{"@type":"ImageObject","@id":"\/logo.png","url":"\/logo.png","width":600,"height":60}},"url":"https:\/\/www.mevha.cz\/abyste-nezapomneli-na-sva-dobrodruzstvi\/","wordCount":244,"articleBody":"Fotografie je dnes ji\u017e samoz\u0159ejm\u00fdm zp\u016fsobem, kter\u00fdm zachycujeme sv\u00e9 z\u00e1\u017eitky. Zachycujeme sv\u00e9 oslavy narozenin, oby\u010dejn\u00e9 dny, kdy n\u00e1m bylo dob\u0159e, zaznamen\u00e1v\u00e1me d\u00edky fotografi\u00edm vzpom\u00ednky ze sv\u00fdch v\u00fdlet\u016f a dobrodru\u017estv\u00ed. Ov\u0161em ne ka\u017ed\u00e9 dobrodru\u017estv\u00ed n\u00e1\u0161 oby\u010dejn\u00fd fotoapar\u00e1t p\u0159e\u017eije bez \u00fahony. Mysl\u00edte, \u017ee b\u011b\u017en\u00fd fotoapar\u00e1t m\u016f\u017eete vz\u00edt nap\u0159\u00edklad na vodu? Pokud pr\u00e1v\u011b voda je \u017eivel, bez n\u011bho\u017e si l\u00e9to nedovedete p\u0159edstavit, po\u0159i\u010fte si u n\u00e1s kompletn\u00ed vybaven\u00ed na profesion\u00e1ln\u00ed \u00farovni, jen tak si sv\u00e9 vodn\u00ed radov\u00e1nky u\u017eijete naplno a bez obav. Vybavte se u n\u00e1s A co v\u0161e V\u00e1m m\u016f\u017eeme nab\u00eddnout? Na zachycen\u00ed vzpom\u00ednek V\u00e1m nab\u00edz\u00edme profesion\u00e1ln\u00ed sportovn\u00ed kameru, sv\u016fj fotoapar\u00e1t ji\u017e nechte doma. Vyberete-li si u n\u00e1s k tomu i n\u011bkter\u00fd motorov\u00fd nafukovac\u00ed \u010dlun, kter\u00fd by V\u00e1m u vody nem\u011bl chyb\u011bt, kamera bude Va\u0161\u00edm dokonal\u00fdm spole\u010dn\u00edkem. Nemus\u00edte se ji\u017e b\u00e1t, zda se nenamo\u010d\u00ed, nemus\u00edte o\u017eelet z\u00e1znam vzpom\u00ednek kv\u016fli nedokonal\u00e9mu sv\u011btlu. Kamera je vodot\u011bsn\u00e1 a s vhodn\u00fdm krytem se m\u016f\u017eete i pot\u00e1p\u011bt. D\u00edky tomu V\u00e1m ji\u017e \u017e\u00e1dn\u00fd \u00fa\u017easn\u00fd moment z proj\u00ed\u017e\u010fky na \u010dlunu nezapadne do propadli\u0161t\u011b d\u011bjin.                                                                                                                                                                                                                                                                                                                                                                                                "},{"@context":"https:\/\/schema.org\/","@type":"BreadcrumbList","itemListElement":[{"@type":"ListItem","position":1,"name":"Abyste nezapomn\u011bli na sv\u00e1 dobrodru\u017estv\u00ed","item":"https:\/\/www.mevha.cz\/abyste-nezapomneli-na-sva-dobrodruzstvi\/#breadcrumbitem"}]}]