[{"@context":"https:\/\/schema.org\/","@type":"Article","@id":"https:\/\/www.mevha.cz\/ako-to-len-bude\/#Article","mainEntityOfPage":"https:\/\/www.mevha.cz\/ako-to-len-bude\/","headline":"Ako to len bude","name":"Ako to len bude","description":"Ke\u010f som chodila na z\u00e1kladn\u00fa \u0161kolu, mojou ob\u013e\u00fabenou \u010dinnos\u0165ou bolo prem\u00fd\u0161\u013eanie o\u00a0svete v\u00a0roku 2000. Vtedy to bola tak\u00e1 vzdialen\u00e1 bud\u00facnos\u0165, \u017ee som si mohla predstavova\u0165 \u010doko\u013evek. Podporovali ma v\u00a0tom na\u0161e u\u010dite\u013eky, vtedy e\u0161te s\u00fadru\u017eky, svojimi zadaniami v\u00fdtvarn\u00fdch alebo slohov\u00fdch pr\u00e1c na t\u00fato t\u00e9mu. U\u017e je to d\u00e1vno Samotn\u00fd fakt, \u017ee sa toho do\u017eijem a\u00a0budem u\u017e...","datePublished":"2023-12-30","dateModified":"2023-12-30","author":{"@type":"Person","@id":"https:\/\/www.mevha.cz\/author\/#Person","name":"","url":"https:\/\/www.mevha.cz\/author\/","identifier":1,"image":{"@type":"ImageObject","@id":"https:\/\/secure.gravatar.com\/avatar\/087c2e57f451bc02fa8017914855d7c40cf6c7d5dc1637b868e007adc26322d1?s=96&d=mm&r=g","url":"https:\/\/secure.gravatar.com\/avatar\/087c2e57f451bc02fa8017914855d7c40cf6c7d5dc1637b868e007adc26322d1?s=96&d=mm&r=g","height":96,"width":96}},"publisher":{"@type":"Organization","name":"mevha.cz","logo":{"@type":"ImageObject","@id":"\/logo.png","url":"\/logo.png","width":600,"height":60}},"url":"https:\/\/www.mevha.cz\/ako-to-len-bude\/","wordCount":227,"articleBody":"Ke\u010f som chodila na z\u00e1kladn\u00fa \u0161kolu, mojou ob\u013e\u00fabenou \u010dinnos\u0165ou bolo prem\u00fd\u0161\u013eanie o\u00a0svete v\u00a0roku 2000. Vtedy to bola tak\u00e1 vzdialen\u00e1 bud\u00facnos\u0165, \u017ee som si mohla predstavova\u0165 \u010doko\u013evek. Podporovali ma v\u00a0tom na\u0161e u\u010dite\u013eky, vtedy e\u0161te s\u00fadru\u017eky, svojimi zadaniami v\u00fdtvarn\u00fdch alebo slohov\u00fdch pr\u00e1c na t\u00fato t\u00e9mu.\tU\u017e je to d\u00e1vnoSamotn\u00fd fakt, \u017ee sa toho do\u017eijem a\u00a0budem u\u017e d\u00e1vno dospel\u00e1 a\u00a0mo\u017eno budem ma\u0165 aj deti, bol pre m\u0148a nepredstavite\u013en\u00fd. Tak\u017ee predstava, \u017ee tu bud\u00fa v\u0161ade roboti a\u00a0budeme cestova\u0165 hoci aj do pr\u00e1ce raketami, bola v\u00a0tomto kontexte rovnako prijate\u013en\u00e1. Roky v\u0161ak be\u017eali a\u00a0ni\u010d z\u00e1vratn\u00e9ho sa nezmenilo, teda okrem re\u017eimu, ale to som si v\u00a0detskej mysli predstavi\u0165 nedok\u00e1zala. Dospela som, na\u0161la si zamestnanie. Posledn\u00fd rok pred zmenou storo\u010dia kolovali spr\u00e1vy o\u00a0z\u00e1niku sveta v\u00a0s\u00favislosti s\u00a0probl\u00e9mami so zmenou letopo\u010dtu v\u00a0po\u010d\u00edta\u010dovej sieti. Na\u0161\u0165astie, ni\u010d tak\u00e9 sa nestalo a\u00a0tak m\u00f4\u017eem s\u00a0\u010dist\u00fdm svedom\u00edm vybera\u0165 dokonca aj novoro\u010denky 2016. A\u00a0zase v\u0161etk\u00fdm za\u017eela\u0165, aby sa im splnili v\u0161etko, \u010do za splnenie stoj\u00ed a\u00a0nestretlo ich ni\u010d, \u010do by ich nepote\u0161ilo.                                                                                                                                                                                                                                                                                                                                                                                        4.6\/5 - (7 votes)        "},{"@context":"https:\/\/schema.org\/","@type":"BreadcrumbList","itemListElement":[{"@type":"ListItem","position":1,"name":"Ako to len bude","item":"https:\/\/www.mevha.cz\/ako-to-len-bude\/#breadcrumbitem"}]}]