[{"@context":"https:\/\/schema.org\/","@type":"Article","@id":"https:\/\/www.mevha.cz\/co-vnimam-v-dnesni-dobe-pro-mlade-lidi-jako-nejvetsi-riziko\/#Article","mainEntityOfPage":"https:\/\/www.mevha.cz\/co-vnimam-v-dnesni-dobe-pro-mlade-lidi-jako-nejvetsi-riziko\/","headline":"Co vn\u00edm\u00e1m v dne\u0161n\u00ed dob\u011b pro mlad\u00e9 lidi jako nejv\u011bt\u0161\u00ed riziko?","name":"Co vn\u00edm\u00e1m v dne\u0161n\u00ed dob\u011b pro mlad\u00e9 lidi jako nejv\u011bt\u0161\u00ed riziko?","description":"Nem\u016f\u017eu o sob\u011b \u0159\u00edci, \u017ee jsem \u00fapln\u011b jin\u00e1 generace, to ur\u010dit\u011b ne, ale ob\u010das vn\u00edm\u00e1m, \u017ee jsem se narodila je\u0161t\u011b do trochu jina\u010d\u00ed doby. Nebyla to doba je\u0161t\u011b \u00fapln\u011b po\u010d\u00edta\u010dov\u00e1, tro\u0161ku u\u017e ano, ale ne \u00fapln\u011b. Vzpom\u00edn\u00e1m si, \u017ee pro m\u011b byl nejv\u011bt\u0161\u00ed trest, kdy\u017e jsem dostala od rodi\u010d\u016f zaracha a nemohla j\u00edt ven, ale...","datePublished":"2022-03-09","dateModified":"2023-04-25","author":{"@type":"Person","@id":"https:\/\/www.mevha.cz\/author\/#Person","name":"","url":"https:\/\/www.mevha.cz\/author\/","identifier":1,"image":{"@type":"ImageObject","@id":"https:\/\/secure.gravatar.com\/avatar\/087c2e57f451bc02fa8017914855d7c40cf6c7d5dc1637b868e007adc26322d1?s=96&d=mm&r=g","url":"https:\/\/secure.gravatar.com\/avatar\/087c2e57f451bc02fa8017914855d7c40cf6c7d5dc1637b868e007adc26322d1?s=96&d=mm&r=g","height":96,"width":96}},"publisher":{"@type":"Organization","name":"mevha.cz","logo":{"@type":"ImageObject","@id":"\/logo.png","url":"\/logo.png","width":600,"height":60}},"image":{"@type":"ImageObject","@id":"https:\/\/www.mevha.cz\/wp-content\/uploads\/woman-3567600_960_720.jpg","url":"https:\/\/www.mevha.cz\/wp-content\/uploads\/woman-3567600_960_720.jpg","height":0,"width":0},"url":"https:\/\/www.mevha.cz\/co-vnimam-v-dnesni-dobe-pro-mlade-lidi-jako-nejvetsi-riziko\/","about":["Spole\u010dnost"],"wordCount":513,"articleBody":"Nem\u016f\u017eu o sob\u011b \u0159\u00edci, \u017ee jsem \u00fapln\u011b jin\u00e1 generace, to ur\u010dit\u011b ne, ale ob\u010das vn\u00edm\u00e1m, \u017ee jsem se narodila je\u0161t\u011b do trochu jina\u010d\u00ed doby. Nebyla to doba je\u0161t\u011b \u00fapln\u011b po\u010d\u00edta\u010dov\u00e1, tro\u0161ku u\u017e ano, ale ne \u00fapln\u011b. Vzpom\u00edn\u00e1m si, \u017ee pro m\u011b byl nejv\u011bt\u0161\u00ed trest, kdy\u017e jsem dostala od rodi\u010d\u016f zaracha a nemohla j\u00edt ven, ale kdy\u017e mi byl zak\u00e1zan\u00fd po\u010d\u00edta\u010d, nebylo to pro m\u011b tak hrozn\u00e9. Vzpom\u00edn\u00e1m si na to, \u017ee jsem jednou dokonce mamku p\u0159esv\u011bd\u010dovala a prosila ji o to, aby mi zatrhla rad\u011bji po\u010d\u00edta\u010d ne\u017e chodit s kamar\u00e1dy ven. Tenkr\u00e1t mi to nepro\u0161lo. To v dne\u0161n\u00ed dob\u011b u\u017e je pro d\u011bti a mlad\u00e9 lidi nejv\u011bt\u0161\u00ed trest zak\u00e1zan\u00fd po\u010d\u00edta\u010d.Dok\u00e1\u017eou u toho prosed\u011bt hodiny, ne-li cel\u00e9 dny. To mi v dne\u0161n\u00ed dob\u011b p\u0159ijde na v\u0161em \u00fapln\u011b to nejhor\u0161\u00ed. A dal\u0161\u00ed v\u011bc internet a soci\u00e1ln\u00ed s\u00edt\u011b, kter\u00e9 dok\u00e1\u017e\u00ed mlad\u00fdm lidem ni\u010dit jejich \u017eivoty. Nejhor\u0161\u00ed je jak soci\u00e1ln\u00ed s\u00edt\u011b, ale p\u0159edev\u0161\u00edm i na\u0161e spole\u010dnost tla\u010d\u00ed na nahat\u00e9 fotky, sna\u017e\u00ed se uk\u00e1zat mlad\u00fdm d\u00edvk\u00e1m, \u017ee jsou kr\u00e1sn\u00e9 jen kdy\u017e se n\u011bkde nah\u00e9 vyfot\u00ed a daj\u00ed to n\u011bkam na soci\u00e1ln\u00ed s\u00edt\u011b. Nedej B\u016fh, kdy\u017e na soci\u00e1ln\u00ed s\u00edt\u011b n\u011bkdo p\u0159id\u00e1v\u00e1 nahat\u00e9 fotografie sv\u00fdch d\u011bt\u00ed. Zapla\u0165 P\u00e1n B\u016fh j\u00e1 nechci b\u00fdt jako v\u011bt\u0161ina, n\u011bkter\u00e9 v\u011bci jsou moje soukrom\u00ed a nebudu nikam p\u0159id\u00e1vat svoje nah\u00e9 t\u011blo! D\u0159\u00edv pokud tak jsme m\u011bly n\u011bjak\u00e9 nestoudn\u00e9 fotografie jen vyvolan\u00e9 u sebe a ne nikde, kde se na n\u011b mohl d\u00edvat t\u00e9m\u011b\u0159 ka\u017ed\u00fd. Pak si tyto d\u00edvky mysl\u00ed, \u017ee mus\u00ed chodit obl\u00edkan\u00e9 takto i na ve\u0159ejnosti a vezmou si t\u0159eba kra\u0165asy ze kter\u00fdch jim leze p\u016flka zadku. Tohle mi p\u0159ijde \u00fapln\u011b \u0161\u00edlen\u00e9, j\u00e1 bych svoje vlastn\u00ed d\u00edt\u011b profackovala kdyby chodilo takto oble\u010den\u00e9 po venku, ne proto \u017ee bych ho cht\u011bla n\u011bjak peskovat, nebo \u017ee bych m\u011bla pocit, \u017ee mi n\u011bjak d\u011bl\u00e1 ostudu, ale proto\u017ee bych o n\u011bho m\u011bla strach, \u017ee ho t\u00edmhle zp\u016fsobem p\u0159epadne nap\u0159\u00edklad n\u011bjak\u00fd \u00fachyl nebo pedofil. Dne\u0161n\u00ed spole\u010dnost je \u0161\u00edlen\u00e1 a my m\u016f\u017eeme svoje d\u011bti ochr\u00e1nit jedin\u011b t\u00edm, \u017ee se budeme sna\u017eit je vychovat tak, aby nem\u011bly n\u00edzk\u00e9 sebev\u011bdom\u00ed a nem\u011bly pot\u0159ebu nikam p\u0159id\u00e1vat svoje nah\u00e9 fotografie, aby si dok\u00e1zaly, \u017ee je n\u011bkdo m\u00e1 r\u00e1d a \u017ee se alespo\u0148 na soci\u00e1ln\u00edch s\u00edt\u00edch n\u011bkomu l\u00edb\u00ed. Zak\u00e1zat jim internet je hloupost, ale sna\u017eit se jim d\u00e1t v\u0161echnu na\u0161i l\u00e1sku, aby si ji potom nemusely dokazovat pozornost\u00ed na internetu.                                                                                                                                                                                                                                                                                                                                                                                        3.6\/5 - (8 votes)        "},{"@context":"https:\/\/schema.org\/","@type":"BreadcrumbList","itemListElement":[{"@type":"ListItem","position":1,"name":"Co vn\u00edm\u00e1m v dne\u0161n\u00ed dob\u011b pro mlad\u00e9 lidi jako nejv\u011bt\u0161\u00ed riziko?","item":"https:\/\/www.mevha.cz\/co-vnimam-v-dnesni-dobe-pro-mlade-lidi-jako-nejvetsi-riziko\/#breadcrumbitem"}]}]