[{"@context":"https:\/\/schema.org\/","@type":"Article","@id":"https:\/\/www.mevha.cz\/dvojnasobna-radost\/#Article","mainEntityOfPage":"https:\/\/www.mevha.cz\/dvojnasobna-radost\/","headline":"Dvojn\u00e1sobn\u00e1 rados\u0165","name":"Dvojn\u00e1sobn\u00e1 rados\u0165","description":"Moja sestra pred ned\u00e1vnom porodila diev\u010datk\u00e1. S\u00fa to naozaj kr\u00e1sne zdrav\u00e1 b\u00e1b\u00e4tk\u00e1, ktor\u00e9 sa hlasno prihl\u00e1sili k \u017eivotu. Jej tehotenstvo bolo s\u00edce zo za\u010diatku ve\u013emi n\u00e1ro\u010dn\u00e9, \u010dasto zvracala a mala ve\u013emi n\u00edzky tlak, ale v druhom trimestri sa to ve\u013ea zlep\u0161ilo. Poctivo sa pripravovala na pr\u00edchod b\u00e1b\u00e4tiek. Vyberali sme spolo\u010dne v\u00fdbavi\u010dku a \u010dasto tr\u00e1vila \u010das...","datePublished":"2024-02-07","dateModified":"2024-02-07","author":{"@type":"Person","@id":"https:\/\/www.mevha.cz\/author\/#Person","name":"","url":"https:\/\/www.mevha.cz\/author\/","identifier":1,"image":{"@type":"ImageObject","@id":"https:\/\/secure.gravatar.com\/avatar\/087c2e57f451bc02fa8017914855d7c40cf6c7d5dc1637b868e007adc26322d1?s=96&d=mm&r=g","url":"https:\/\/secure.gravatar.com\/avatar\/087c2e57f451bc02fa8017914855d7c40cf6c7d5dc1637b868e007adc26322d1?s=96&d=mm&r=g","height":96,"width":96}},"publisher":{"@type":"Organization","name":"mevha.cz","logo":{"@type":"ImageObject","@id":"\/logo.png","url":"\/logo.png","width":600,"height":60}},"url":"https:\/\/www.mevha.cz\/dvojnasobna-radost\/","wordCount":237,"articleBody":"\tMoja sestra pred ned\u00e1vnom porodila diev\u010datk\u00e1. S\u00fa to naozaj kr\u00e1sne zdrav\u00e1 b\u00e1b\u00e4tk\u00e1, ktor\u00e9 sa hlasno prihl\u00e1sili k \u017eivotu. Jej tehotenstvo bolo s\u00edce zo za\u010diatku ve\u013emi n\u00e1ro\u010dn\u00e9, \u010dasto zvracala a mala ve\u013emi n\u00edzky tlak, ale v druhom trimestri sa to ve\u013ea zlep\u0161ilo. Poctivo sa pripravovala na pr\u00edchod b\u00e1b\u00e4tiek. Vyberali sme spolo\u010dne v\u00fdbavi\u010dku a \u010dasto tr\u00e1vila \u010das u n\u00e1s, aby sa priu\u010dila, ako to ide s de\u0165mi. Ja m\u00e1m toti\u017e tie\u017e dvoj\u010dat\u00e1, ale chlapcov. Mala z toho toti\u017e ve\u013ek\u00e9 obavy, ale povedala by som, \u017ee \u00faplne zbyto\u010dne. Porodila \u0161tandardnou cestou a zvl\u00e1dla to naozaj ve\u013emi dobre.\tIzbi\u010dky ako klietkaS man\u017eelom pripravili dve kr\u00e1sne detsk\u00e9 izby pre diev\u010dat\u00e1. Zvolili jemn\u00e9 odtiene ru\u017eovej a nast\u00e1vaj\u00faci otecko im vytvoril na strope hviezdnu oblohu. Ja som e\u0161te mala postie\u013eky po mojich synoch, tak\u017ee ani nemuseli kupova\u0165 nov\u00e9. Oble\u010denie si sestra zohnala z baz\u00e1riku a odporu\u010dila som jej aj zna\u010dku ko\u010d\u00edka, ktor\u00fd sa mi osved\u010dil. Preba\u013eovac\u00ed pult si nechaj\u00fa najsk\u00f4r v\u00a0ob\u00fdva\u010dke, aby bol po ruke. Zatia\u013e je nech\u00e1vaj\u00fa spa\u0165 v jednej postie\u013eke, preto\u017ee s\u00fa e\u0161te mali\u010dk\u00e9, ale \u010dasom bud\u00fa ma\u0165 ka\u017ed\u00e1 svoj priestor.                                                                                                                                                                                                                                                                                                                                                                                        3.9\/5 - (11 votes)        "},{"@context":"https:\/\/schema.org\/","@type":"BreadcrumbList","itemListElement":[{"@type":"ListItem","position":1,"name":"Dvojn\u00e1sobn\u00e1 rados\u0165","item":"https:\/\/www.mevha.cz\/dvojnasobna-radost\/#breadcrumbitem"}]}]