[{"@context":"https:\/\/schema.org\/","@type":"Article","@id":"https:\/\/www.mevha.cz\/kdy-se-budeme-mit-zase-dobre\/#Article","mainEntityOfPage":"https:\/\/www.mevha.cz\/kdy-se-budeme-mit-zase-dobre\/","headline":"Kdy se budeme m\u00edt zase dob\u0159e?","name":"Kdy se budeme m\u00edt zase dob\u0159e?","description":"Inflace, kter\u00e1 v \u010cesk\u00e9 republice ude\u0159ila n\u011bjak\u00fd ten rok zp\u011bt, byla d\u016fsledkem pozastaven\u00ed ekonomiky z d\u016fvodu covidu-19, lockdownu a na\u0159\u00edzen\u00fdch karant\u00e9n. Kdy\u017e u\u017e se za\u010dala nejen na\u0161e zem\u011b, ale i cel\u00fd sv\u011bt vzpamatov\u00e1vat z t\u00e9to r\u00e1ny, p\u0159i\u0161la dal\u0161\u00ed. V\u00e1lka na Ukrajin\u011b. A t\u00edm do\u0161lo k dal\u0161\u00edmu oslaben\u00ed ekonomiky. Tenkr\u00e1t do\u0161lo k rapidn\u00edmu zdra\u017eov\u00e1n\u00ed energi\u00ed, co\u017e...","datePublished":"2024-12-22","dateModified":"2024-12-22","author":{"@type":"Person","@id":"https:\/\/www.mevha.cz\/author\/#Person","name":"","url":"https:\/\/www.mevha.cz\/author\/","identifier":1,"image":{"@type":"ImageObject","@id":"https:\/\/secure.gravatar.com\/avatar\/087c2e57f451bc02fa8017914855d7c40cf6c7d5dc1637b868e007adc26322d1?s=96&d=mm&r=g","url":"https:\/\/secure.gravatar.com\/avatar\/087c2e57f451bc02fa8017914855d7c40cf6c7d5dc1637b868e007adc26322d1?s=96&d=mm&r=g","height":96,"width":96}},"publisher":{"@type":"Organization","name":"mevha.cz","logo":{"@type":"ImageObject","@id":"\/logo.png","url":"\/logo.png","width":600,"height":60}},"image":{"@type":"ImageObject","@id":"https:\/\/www.mevha.cz\/wp-content\/uploads\/rc-xyz-nft-gallery-o-MyHqEEHoM-unsplash_1.jpg","url":"https:\/\/www.mevha.cz\/wp-content\/uploads\/rc-xyz-nft-gallery-o-MyHqEEHoM-unsplash_1.jpg","height":0,"width":0},"url":"https:\/\/www.mevha.cz\/kdy-se-budeme-mit-zase-dobre\/","about":["D\u016fm a byt"],"wordCount":431,"articleBody":"   Inflace, kter\u00e1 v \u010cesk\u00e9 republice ude\u0159ila n\u011bjak\u00fd ten rok zp\u011bt, byla d\u016fsledkem pozastaven\u00ed ekonomiky z d\u016fvodu covidu-19, lockdownu a na\u0159\u00edzen\u00fdch karant\u00e9n. Kdy\u017e u\u017e se za\u010dala nejen na\u0161e zem\u011b, ale i cel\u00fd sv\u011bt vzpamatov\u00e1vat z t\u00e9to r\u00e1ny, p\u0159i\u0161la dal\u0161\u00ed. V\u00e1lka na Ukrajin\u011b. A t\u00edm do\u0161lo k dal\u0161\u00edmu oslaben\u00ed ekonomiky. Tenkr\u00e1t do\u0161lo k rapidn\u00edmu zdra\u017eov\u00e1n\u00ed energi\u00ed, co\u017e se samoz\u0159ejm\u011b odrazilo na cen\u00e1ch prakticky v\u0161eho. Spousta podnik\u016f, zejm\u00e9na t\u011bch men\u0161\u00edch, kv\u016fli nav\u00fd\u0161en\u00ed cen energi\u00ed musela skon\u010dit. Jednodu\u0161e nem\u011bli na to, aby zaplatili z\u00e1lohy, kter\u00e9 \u0161plhaly do nesmysln\u00fdch \u010d\u00e1stek. A nejenom podniky. Spousta rodin se najednou ocitla bez pen\u011bz, nem\u011bli na to, aby uhradili n\u00e1jem a energie. N\u011bkte\u0159\u00ed museli i poprv\u00e9 v \u017eivot\u011b nav\u0161t\u00edvit \u00da\u0159ad pr\u00e1ce, kde si mohli za\u017e\u00e1dat o d\u00e1vky jako p\u0159\u00edsp\u011bvek na bydlen\u00ed, kter\u00fd jim m\u011bl pomoci se se situac\u00ed vyrovnat. Byli jsme sv\u011bdky tak\u00e9 masivn\u00edho n\u00e1r\u016fstu cen potravin. Z potravin jako m\u00e1slo https:\/\/www.irozhlas.cz\/sport\/fotbal\/pred-balkanem-daval-vzdy-prednost-cesku-mam-k-nemu-nejvetsi-vztah-rekl-simic_1711061949_sob  neb vejce se stal luxus, kter\u00fd si m\u00e1lokdo mohl dovolit. Lid\u00e9 to \u0159e\u0161ili tak, \u017ee prakticky nenakupovali mimo akce, a pokud m\u011bli mo\u017enosti, jezdili nakupovat potraviny do zahrani\u010d\u00ed, t\u0159eba do Polska. Samoz\u0159ejm\u011b, lid\u00e9 volali po zv\u00fd\u0161en\u00ed plat\u016f a mezd, aby se dorovnal rozd\u00edl pen\u011bz, kter\u00fd jim ukradla inflace. Jen\u017ee kv\u016fli zdra\u017een\u00ed energi\u00ed a v\u0161eho kolem v\u011bt\u0161ina firem na zv\u00fd\u0161en\u00ed plat\u016f sv\u00fdch zam\u011bstnanc\u016f nem\u011bla. A tak jsme se ocitli v za\u010darovan\u00e9m kruhu.Vl\u00e1da se sna\u017eila podniknout kroky, kter\u00e9 by situaci uklidnili, ale na kolik byli efektivn\u00ed nebo \u00fa\u010dinn\u00e9, to a\u0165 ka\u017ed\u00fd posoud\u00ed s\u00e1m. Nyn\u00ed je situace lep\u0161\u00ed, ale ne dokonal\u00e1. Bude ale n\u011bkdy v\u016fbec dokonal\u00e1? N\u011bkter\u00e9 potraviny jsou st\u00e1le za sm\u011b\u0161n\u00e9 \u010d\u00e1stky, n\u00e1jmy jsou tak vysok\u00e9, \u017ee mlad\u00ed lid\u00e9 po \u0161kole mus\u00ed \u017e\u00edt u rodi\u010d\u016f pomalu je\u0161t\u011b po t\u0159ic\u00edtce, proto\u017ee zkr\u00e1tka n\u00e1jem neut\u00e1hnou, kdy\u017e si k n\u011bmu p\u0159ipo\u010dteme je\u0161t\u011b vysok\u00e9 energie. Na\u0161e p\u0159\u00edtomnost ani budoucnost opravdu nep\u016fsob\u00ed, \u017ee bude zalit\u00e1 slunce. Bl\u00ed\u017ee se na toto t\u00e9ma m\u016f\u017eete pod\u00edvat v \u010dl\u00e1nku, kter\u00fd nese v\u00fdmluvn\u00fd n\u00e1zev \u2013 Bude n\u00e1m zase finan\u010dn\u011b l\u00edp Nebankovnihypoteka?                                                                                                                                                                                                                                                                                                                                                                                          4\/5 - (1 vote)        "},{"@context":"https:\/\/schema.org\/","@type":"BreadcrumbList","itemListElement":[{"@type":"ListItem","position":1,"name":"Kdy se budeme m\u00edt zase dob\u0159e?","item":"https:\/\/www.mevha.cz\/kdy-se-budeme-mit-zase-dobre\/#breadcrumbitem"}]}]