[{"@context":"https:\/\/schema.org\/","@type":"Article","@id":"https:\/\/www.mevha.cz\/vecny-zamestnanec\/#Article","mainEntityOfPage":"https:\/\/www.mevha.cz\/vecny-zamestnanec\/","headline":"V\u011b\u010dn\u00fd zam\u011bstnanec?","name":"V\u011b\u010dn\u00fd zam\u011bstnanec?","description":"Kdysi se \u017eertem ozna\u010doval pracuj\u00edc\u00ed penzista jako \u201eprd\u016fch\u201c. Ozna\u010den\u00ed lid\u00ed, kte\u0159\u00ed se k odchodu do d\u016fchodu je\u0161t\u011b neodhodlali, nebo byli zam\u011bstnavatelem p\u0159emluveni k pokra\u010dov\u00e1n\u00ed, proto\u017ee \u201ebez nich by to tady nefungovalo\u201c. Dnes toto ozna\u010den\u00ed ztratilo sv\u016fj \u017eertovn\u00fd n\u00e1dech a stalo se pejorativn\u00edm ozna\u010den\u00edm lid\u00ed, kte\u0159\u00ed cel\u00fd \u017eivot d\u0159eli a p\u0159esto jim dnes st\u00e1t je ochoten...","datePublished":"2024-11-10","dateModified":"2024-11-10","author":{"@type":"Person","@id":"https:\/\/www.mevha.cz\/author\/#Person","name":"","url":"https:\/\/www.mevha.cz\/author\/","identifier":1,"image":{"@type":"ImageObject","@id":"https:\/\/secure.gravatar.com\/avatar\/087c2e57f451bc02fa8017914855d7c40cf6c7d5dc1637b868e007adc26322d1?s=96&d=mm&r=g","url":"https:\/\/secure.gravatar.com\/avatar\/087c2e57f451bc02fa8017914855d7c40cf6c7d5dc1637b868e007adc26322d1?s=96&d=mm&r=g","height":96,"width":96}},"publisher":{"@type":"Organization","name":"mevha.cz","logo":{"@type":"ImageObject","@id":"\/logo.png","url":"\/logo.png","width":600,"height":60}},"url":"https:\/\/www.mevha.cz\/vecny-zamestnanec\/","wordCount":232,"articleBody":"Kdysi se \u017eertem ozna\u010doval pracuj\u00edc\u00ed penzista jako \u201eprd\u016fch\u201c. Ozna\u010den\u00ed lid\u00ed, kte\u0159\u00ed se k odchodu do d\u016fchodu je\u0161t\u011b neodhodlali, nebo byli zam\u011bstnavatelem p\u0159emluveni k pokra\u010dov\u00e1n\u00ed, proto\u017ee \u201ebez nich by to tady nefungovalo\u201c. Dnes toto ozna\u010den\u00ed ztratilo sv\u016fj \u017eertovn\u00fd n\u00e1dech a stalo se pejorativn\u00edm ozna\u010den\u00edm lid\u00ed, kte\u0159\u00ed cel\u00fd \u017eivot d\u0159eli a p\u0159esto jim dnes st\u00e1t je ochoten vypl\u00e1cet jen minim\u00e1ln\u00ed pravideln\u00e9 m\u011bs\u00ed\u010dn\u00ed \u010d\u00e1stky \u2013 tedy penze.\tMlad\u00fd pohledV o\u010d\u00edch mlad\u00fdch lid\u00ed, zvl\u00e1\u0161t\u011b pravicov\u00e9ho zam\u011b\u0159en\u00ed a z vy\u0161\u0161\u00edch spole\u010densk\u00fdch vrstev, se takov\u00fd \u010dlov\u011bk m\u011bn\u00ed z \u201closera\u201c, \u010di \u201esocky\u201c na p\u0159\u00edmo t\u0159\u00eddn\u00edho nep\u0159\u00edtele, p\u0159\u00ed\u017eivn\u00edka, vys\u00e1vaj\u00edc\u00edho st\u00e1tn\u00ed rozpo\u010det, z n\u011bho\u017e se pak u\u017e ned\u00e1 vys\u00e1vat tolik pen\u011bz na p\u0159edra\u017een\u00e9 st\u00e1tn\u00ed zak\u00e1zky. A t\u00edm uv\u011bdom\u011bl\u00ed pravi\u010d\u00e1ci, starostliv\u00ed o na\u0161i zdravou ekonomiku, p\u0159ich\u00e1zej\u00ed o \u0161t\u011bdr\u00e9 zdroje sv\u00fdch zisk\u016f. Z mile shov\u00edvav\u00e9 \u00fasm\u011bvn\u00e9 zkratky se dnes stal nen\u00e1vistn\u011b, hrub\u011b zn\u011bj\u00edc\u00ed a se z\u00e1\u0161t\u00ed vyslovovan\u00fd \u201eprd\u016fch\u201c \u2013 symbol p\u016fvodce v\u0161eho svinstva v na\u0161\u00ed rozkraden\u00e9 republice, zlod\u011bje pracovn\u00edch m\u00edst, uj\u00edda\u010de ze spole\u010dn\u00e9ho kraj\u00edce.                                                                                                                                                                                                                                                                                                                                                                                        4.7\/5 - (3 votes)        "},{"@context":"https:\/\/schema.org\/","@type":"BreadcrumbList","itemListElement":[{"@type":"ListItem","position":1,"name":"V\u011b\u010dn\u00fd zam\u011bstnanec?","item":"https:\/\/www.mevha.cz\/vecny-zamestnanec\/#breadcrumbitem"}]}]