[{"@context":"https:\/\/schema.org\/","@type":"Article","@id":"https:\/\/www.mevha.cz\/zahranicni-aktivni-dovolena\/#Article","mainEntityOfPage":"https:\/\/www.mevha.cz\/zahranicni-aktivni-dovolena\/","headline":"Zahrani\u010dn\u00ed aktivn\u00ed dovolen\u00e1","name":"Zahrani\u010dn\u00ed aktivn\u00ed dovolen\u00e1","description":"Spousta lid\u00ed jezd\u00ed v l\u00e9t\u011b k mo\u0159i, koupat se a opalovat se na pl\u00e1\u017ei. Pokud neradi tr\u00e1v\u00edte svou dovolenou pasivn\u011b, ale d\u00e1v\u00e1te p\u0159ednost pozn\u00e1v\u00e1n\u00ed nov\u00fdch m\u00edst, r\u00e1di chod\u00edte na t\u00fary anebo t\u0159eba ly\u017eujete, tak na mo\u0159e zapome\u0148te. Vydejte se k na\u0161im soused\u016fm, kde m\u00e1te mo\u017enost objevovat evropsk\u00e9 Alpy v pln\u00e9 jejich kr\u00e1se. M\u016f\u017eete si u\u017e\u00edvat...","datePublished":"2023-07-30","dateModified":"2023-07-30","author":{"@type":"Person","@id":"https:\/\/www.mevha.cz\/author\/#Person","name":"","url":"https:\/\/www.mevha.cz\/author\/","identifier":1,"image":{"@type":"ImageObject","@id":"https:\/\/secure.gravatar.com\/avatar\/087c2e57f451bc02fa8017914855d7c40cf6c7d5dc1637b868e007adc26322d1?s=96&d=mm&r=g","url":"https:\/\/secure.gravatar.com\/avatar\/087c2e57f451bc02fa8017914855d7c40cf6c7d5dc1637b868e007adc26322d1?s=96&d=mm&r=g","height":96,"width":96}},"publisher":{"@type":"Organization","name":"mevha.cz","logo":{"@type":"ImageObject","@id":"\/logo.png","url":"\/logo.png","width":600,"height":60}},"url":"https:\/\/www.mevha.cz\/zahranicni-aktivni-dovolena\/","wordCount":253,"articleBody":"Spousta lid\u00ed jezd\u00ed v l\u00e9t\u011b k mo\u0159i, koupat se a opalovat se na pl\u00e1\u017ei. Pokud neradi tr\u00e1v\u00edte svou dovolenou pasivn\u011b, ale d\u00e1v\u00e1te p\u0159ednost pozn\u00e1v\u00e1n\u00ed nov\u00fdch m\u00edst, r\u00e1di chod\u00edte na t\u00fary anebo t\u0159eba ly\u017eujete, tak na mo\u0159e zapome\u0148te. Vydejte se k na\u0161im soused\u016fm, kde m\u00e1te mo\u017enost objevovat evropsk\u00e9 Alpy v pln\u00e9 jejich kr\u00e1se. M\u016f\u017eete si u\u017e\u00edvat cyklistiky, turistiky anebo zkr\u00e1tka ly\u017eovat cel\u00fd den. Je jen na v\u00e1s, zda se rozhodnete nav\u0161t\u00edvit n\u011bjak\u00e9 p\u0159\u00edrodn\u00ed pam\u00e1tky anebo prozkoumat ty nejdel\u0161\u00ed ly\u017ea\u0159sk\u00e9 sjezdovky v cel\u00e9 Evrop\u011b. V ka\u017ed\u00e9m p\u0159\u00edpad\u011b v\u00e1s tato oblast rozhodn\u011b nadchne, je jedno, jestli se sem vyprav\u00edte v l\u00e9t\u011b, v zim\u011b anebo t\u0159eba na ja\u0159e. V\u011b\u0159te, \u017ee si to tu zamilujete, obzvl\u00e1\u0161t\u011b pokud pro sv\u00e9 ubytovac\u00ed \u00fa\u010dely vyu\u017eijete \u010desk\u00fd penzion v Alp\u00e1ch.\tModern\u00ed vybaven\u00edPenzion je vybaven skute\u010dn\u011b velmi modern\u00edm vybaven\u00edm, kter\u00e9 v\u00e1m zajist\u00ed velmi p\u0159\u00edjemn\u00fd pobyt. Jestli\u017ee si tedy chcete u\u017e\u00edvat par\u00e1dn\u00ed a hlavn\u011b ni\u010d\u00edm neru\u0161en\u00e9 dovolen\u00e9, tak pro v\u00e1s bude toto ubytov\u00e1n\u00ed par\u00e1dn\u00ed trefou do \u010dern\u00e9ho. M\u016f\u017eete se t\u011b\u0161it na p\u0159\u00edjemn\u00fd person\u00e1l, kter\u00fd se bude starat o to, aby se v\u00e1m v\u0161e l\u00edbilo a abyste se c\u00edtili co nejl\u00e9pe.                                                                                                                                                                                                                                                                                                                                                                                        4.3\/5 - (9 votes)        "},{"@context":"https:\/\/schema.org\/","@type":"BreadcrumbList","itemListElement":[{"@type":"ListItem","position":1,"name":"Zahrani\u010dn\u00ed aktivn\u00ed dovolen\u00e1","item":"https:\/\/www.mevha.cz\/zahranicni-aktivni-dovolena\/#breadcrumbitem"}]}]